{"id":1713807,"date":"2021-07-12T17:11:11","date_gmt":"2021-07-12T15:11:11","guid":{"rendered":"https:\/\/seminarhotels-schweiz.com\/de\/?p=1713807"},"modified":"2021-07-12T17:14:30","modified_gmt":"2021-07-12T15:14:30","slug":"das-war-die-the-circle-conference","status":"publish","type":"post","link":"https:\/\/zuerich-seminarhotels.ch\/en\/news\/this-is-what-the-circle-conference-was-like\/","title":{"rendered":"This is what The Circle Conference was like"},"content":{"rendered":"<p>For a long time, the organizers of The Circle Conference were anxious whether the event could be held at all. After countless phone calls, drawing up strict protection concepts and practicing patience, the green light was finally given. And so, on July 1, 2021, Switzerland&#8217;s first major event, with the number 01-2021, went over the stage. With live audience, live speakers and live exhibitors.<\/p>\n<h2>The Circle Conference &#8211; The MICE industry is back<\/h2>\n<p>Over 70 exhibitors were represented, including hotels, locations, tourism destinations and service providers from the MICE sector. More than 800 visitors experienced the relaunch of the meetings and events industry at The Circle Convention Center, for which it was also a premiere of such an event. Since all exhibitors and participants were registered, as well as vaccinated, recovered or tested, the mask requirement was even allowed to be waived indoors. The visitors visibly enjoyed the personal exchange and intensive discussions.<\/p>\n<p>A varied stage program, moderated by Florian Inhauser, ensured a constantly full Convention Hall. The innovative workshops by Schoscho Rufener and Reto Wampfler were also well attended.<br \/>\nFinally, events are possible again. Adhering to a rigorous protection concept, The Circle Conference at Zurich Airport was a successful relaunch after an exceptional year of forced break.<\/p>","protected":false},"excerpt":{"rendered":"<p>For a long time, the organizers of The Circle Conference were anxious whether the event could be held at all. After countless phone calls, drawing up strict protection concepts and practicing patience, the green light was finally given. And so, on July 1, 2021, Switzerland&#8217;s first major event, with the number 01-2021, went over the [&hellip;]<\/p>\n","protected":false},"author":8,"featured_media":1713971,"comment_status":"closed","ping_status":"open","sticky":false,"template":"","format":"standard","meta":[],"acf":[],"yoast_head":"<!-- This site is optimized with the Yoast SEO Premium plugin v20.3 (Yoast SEO v20.3) - https:\/\/yoast.com\/wordpress\/plugins\/seo\/ -->\n<title>This is what The Circle Conference was like | Conference hotels in Zurich<\/title>\n<meta name=\"description\" content=\"Am 1. Juli 2021 ging die The Circle Conference als erste Grossveranstaltung der Schweiz, im The Circle am Flughafen Z\u00fcrich erfolgreich \u00fcber die B\u00fchne.\" \/>\n<meta name=\"robots\" content=\"index, follow, max-snippet:-1, max-image-preview:large, max-video-preview:-1\" \/>\n<link rel=\"canonical\" href=\"https:\/\/seminarhotels-schweiz.com\/de\/news\/das-war-die-the-circle-conference\/\" \/>\n<meta property=\"og:locale\" content=\"en_US\" \/>\n<meta property=\"og:type\" content=\"article\" \/>\n<meta property=\"og:title\" content=\"This is what The Circle Conference was like\" \/>\n<meta property=\"og:description\" content=\"Am 1. Juli 2021 ging die The Circle Conference als erste Grossveranstaltung der Schweiz, im The Circle am Flughafen Z\u00fcrich erfolgreich \u00fcber die B\u00fchne.\" \/>\n<meta property=\"og:url\" content=\"https:\/\/seminarhotels-schweiz.com\/de\/news\/das-war-die-the-circle-conference\/\" \/>\n<meta property=\"og:site_name\" content=\"zuerich-seminarhotels.ch\" \/>\n<meta property=\"article:published_time\" content=\"2021-07-12T15:11:11+00:00\" \/>\n<meta property=\"article:modified_time\" content=\"2021-07-12T15:14:30+00:00\" \/>\n<meta property=\"og:image\" content=\"https:\/\/seminarhotels-schweiz.com\/wp-content\/uploads\/2021\/07\/the-circle-conference-mice-service-group-05.jpg\" \/>\n\t<meta property=\"og:image:width\" content=\"1440\" \/>\n\t<meta property=\"og:image:height\" content=\"960\" \/>\n\t<meta property=\"og:image:type\" content=\"image\/jpeg\" \/>\n<meta name=\"author\" content=\"Mandy Weinand\" \/>\n<meta name=\"twitter:card\" content=\"summary_large_image\" \/>\n<meta name=\"twitter:label1\" content=\"Written by\" \/>\n\t<meta name=\"twitter:data1\" content=\"Mandy Weinand\" \/>\n\t<meta name=\"twitter:label2\" content=\"Est. reading time\" \/>\n\t<meta name=\"twitter:data2\" content=\"2 minutes\" \/>\n<script type=\"application\/ld+json\" class=\"yoast-schema-graph\">{\"@context\":\"https:\/\/schema.org\",\"@graph\":[{\"@type\":\"WebPage\",\"@id\":\"https:\/\/seminarhotels-schweiz.com\/de\/news\/das-war-die-the-circle-conference\/\",\"url\":\"https:\/\/seminarhotels-schweiz.com\/de\/news\/das-war-die-the-circle-conference\/\",\"name\":\"This is what The Circle Conference was like | zuerich-seminarhotels.ch\",\"isPartOf\":{\"@id\":\"https:\/\/genf-seminarhotels.ch\/en\/#website\"},\"datePublished\":\"2021-07-12T15:11:11+00:00\",\"dateModified\":\"2021-07-12T15:14:30+00:00\",\"author\":{\"@id\":\"https:\/\/genf-seminarhotels.ch\/en\/#\/schema\/person\/68a753e2d9667d03770466eea9649fe2\"},\"description\":\"Am 1. Juli 2021 ging die The Circle Conference als erste Grossveranstaltung der Schweiz, im The Circle am Flughafen Z\u00fcrich erfolgreich \u00fcber die B\u00fchne.\",\"breadcrumb\":{\"@id\":\"https:\/\/seminarhotels-schweiz.com\/de\/news\/das-war-die-the-circle-conference\/#breadcrumb\"},\"inLanguage\":\"en-US\",\"potentialAction\":[{\"@type\":\"ReadAction\",\"target\":[\"https:\/\/seminarhotels-schweiz.com\/de\/news\/das-war-die-the-circle-conference\/\"]}]},{\"@type\":\"BreadcrumbList\",\"@id\":\"https:\/\/seminarhotels-schweiz.com\/de\/news\/das-war-die-the-circle-conference\/#breadcrumb\",\"itemListElement\":[{\"@type\":\"ListItem\",\"position\":1,\"name\":\"Home\",\"item\":\"https:\/\/genf-seminarhotels.ch\/en\/\"},{\"@type\":\"ListItem\",\"position\":2,\"name\":\"News\",\"item\":\"https:\/\/zuerich-seminarhotels.ch\/en\/news\/\"},{\"@type\":\"ListItem\",\"position\":3,\"name\":\"This is what The Circle Conference was like\"}]},{\"@type\":\"WebSite\",\"@id\":\"https:\/\/genf-seminarhotels.ch\/en\/#website\",\"url\":\"https:\/\/genf-seminarhotels.ch\/en\/\",\"name\":\"zuerich-seminarhotels.ch\",\"description\":\"\",\"potentialAction\":[{\"@type\":\"SearchAction\",\"target\":{\"@type\":\"EntryPoint\",\"urlTemplate\":\"https:\/\/genf-seminarhotels.ch\/en\/?s={search_term_string}\"},\"query-input\":\"required name=search_term_string\"}],\"inLanguage\":\"en-US\"},{\"@type\":\"Person\",\"@id\":\"https:\/\/genf-seminarhotels.ch\/en\/#\/schema\/person\/68a753e2d9667d03770466eea9649fe2\",\"name\":\"Mandy Weinand\",\"image\":{\"@type\":\"ImageObject\",\"inLanguage\":\"en-US\",\"@id\":\"https:\/\/genf-seminarhotels.ch\/en\/#\/schema\/person\/image\/\",\"url\":\"https:\/\/zuerich-seminarhotels.ch\/wp-content\/wphb-cache\/gravatar\/0dd\/0dd8d60975308d2c72a43b48f7a98b02x96.jpg\",\"contentUrl\":\"https:\/\/zuerich-seminarhotels.ch\/wp-content\/wphb-cache\/gravatar\/0dd\/0dd8d60975308d2c72a43b48f7a98b02x96.jpg\",\"caption\":\"Mandy Weinand\"}}]}<\/script>\n<!-- \/ Yoast SEO Premium plugin. -->","yoast_head_json":{"title":"This is what The Circle Conference was like | Conference hotels in Zurich","description":"Am 1. Juli 2021 ging die The Circle Conference als erste Grossveranstaltung der Schweiz, im The Circle am Flughafen Z\u00fcrich erfolgreich \u00fcber die B\u00fchne.","robots":{"index":"index","follow":"follow","max-snippet":"max-snippet:-1","max-image-preview":"max-image-preview:large","max-video-preview":"max-video-preview:-1"},"canonical":"https:\/\/seminarhotels-schweiz.com\/de\/news\/das-war-die-the-circle-conference\/","og_locale":"en_US","og_type":"article","og_title":"This is what The Circle Conference was like","og_description":"Am 1. Juli 2021 ging die The Circle Conference als erste Grossveranstaltung der Schweiz, im The Circle am Flughafen Z\u00fcrich erfolgreich \u00fcber die B\u00fchne.","og_url":"https:\/\/seminarhotels-schweiz.com\/de\/news\/das-war-die-the-circle-conference\/","og_site_name":"zuerich-seminarhotels.ch","article_published_time":"2021-07-12T15:11:11+00:00","article_modified_time":"2021-07-12T15:14:30+00:00","og_image":[{"width":1440,"height":960,"url":"https:\/\/seminarhotels-schweiz.com\/wp-content\/uploads\/2021\/07\/the-circle-conference-mice-service-group-05.jpg","type":"image\/jpeg"}],"author":"Mandy Weinand","twitter_card":"summary_large_image","twitter_misc":{"Written by":"Mandy Weinand","Est. reading time":"2 minutes"},"schema":{"@context":"https:\/\/schema.org","@graph":[{"@type":"WebPage","@id":"https:\/\/seminarhotels-schweiz.com\/de\/news\/das-war-die-the-circle-conference\/","url":"https:\/\/seminarhotels-schweiz.com\/de\/news\/das-war-die-the-circle-conference\/","name":"This is what The Circle Conference was like | zuerich-seminarhotels.ch","isPartOf":{"@id":"https:\/\/genf-seminarhotels.ch\/en\/#website"},"datePublished":"2021-07-12T15:11:11+00:00","dateModified":"2021-07-12T15:14:30+00:00","author":{"@id":"https:\/\/genf-seminarhotels.ch\/en\/#\/schema\/person\/68a753e2d9667d03770466eea9649fe2"},"description":"Am 1. Juli 2021 ging die The Circle Conference als erste Grossveranstaltung der Schweiz, im The Circle am Flughafen Z\u00fcrich erfolgreich \u00fcber die B\u00fchne.","breadcrumb":{"@id":"https:\/\/seminarhotels-schweiz.com\/de\/news\/das-war-die-the-circle-conference\/#breadcrumb"},"inLanguage":"en-US","potentialAction":[{"@type":"ReadAction","target":["https:\/\/seminarhotels-schweiz.com\/de\/news\/das-war-die-the-circle-conference\/"]}]},{"@type":"BreadcrumbList","@id":"https:\/\/seminarhotels-schweiz.com\/de\/news\/das-war-die-the-circle-conference\/#breadcrumb","itemListElement":[{"@type":"ListItem","position":1,"name":"Home","item":"https:\/\/genf-seminarhotels.ch\/en\/"},{"@type":"ListItem","position":2,"name":"News","item":"https:\/\/zuerich-seminarhotels.ch\/en\/news\/"},{"@type":"ListItem","position":3,"name":"This is what The Circle Conference was like"}]},{"@type":"WebSite","@id":"https:\/\/genf-seminarhotels.ch\/en\/#website","url":"https:\/\/genf-seminarhotels.ch\/en\/","name":"zuerich-seminarhotels.ch","description":"","potentialAction":[{"@type":"SearchAction","target":{"@type":"EntryPoint","urlTemplate":"https:\/\/genf-seminarhotels.ch\/en\/?s={search_term_string}"},"query-input":"required name=search_term_string"}],"inLanguage":"en-US"},{"@type":"Person","@id":"https:\/\/genf-seminarhotels.ch\/en\/#\/schema\/person\/68a753e2d9667d03770466eea9649fe2","name":"Mandy Weinand","image":{"@type":"ImageObject","inLanguage":"en-US","@id":"https:\/\/genf-seminarhotels.ch\/en\/#\/schema\/person\/image\/","url":"https:\/\/zuerich-seminarhotels.ch\/wp-content\/wphb-cache\/gravatar\/0dd\/0dd8d60975308d2c72a43b48f7a98b02x96.jpg","contentUrl":"https:\/\/zuerich-seminarhotels.ch\/wp-content\/wphb-cache\/gravatar\/0dd\/0dd8d60975308d2c72a43b48f7a98b02x96.jpg","caption":"Mandy Weinand"}}]}},"_links":{"self":[{"href":"https:\/\/zuerich-seminarhotels.ch\/en\/wp-json\/wp\/v2\/posts\/1713807"}],"collection":[{"href":"https:\/\/zuerich-seminarhotels.ch\/en\/wp-json\/wp\/v2\/posts"}],"about":[{"href":"https:\/\/zuerich-seminarhotels.ch\/en\/wp-json\/wp\/v2\/types\/post"}],"author":[{"embeddable":true,"href":"https:\/\/zuerich-seminarhotels.ch\/en\/wp-json\/wp\/v2\/users\/8"}],"replies":[{"embeddable":true,"href":"https:\/\/zuerich-seminarhotels.ch\/en\/wp-json\/wp\/v2\/comments?post=1713807"}],"version-history":[{"count":1,"href":"https:\/\/zuerich-seminarhotels.ch\/en\/wp-json\/wp\/v2\/posts\/1713807\/revisions"}],"predecessor-version":[{"id":1713957,"href":"https:\/\/zuerich-seminarhotels.ch\/en\/wp-json\/wp\/v2\/posts\/1713807\/revisions\/1713957"}],"wp:featuredmedia":[{"embeddable":true,"href":"https:\/\/zuerich-seminarhotels.ch\/en\/wp-json\/wp\/v2\/media\/1713971"}],"wp:attachment":[{"href":"https:\/\/zuerich-seminarhotels.ch\/en\/wp-json\/wp\/v2\/media?parent=1713807"}],"curies":[{"name":"wp","href":"https:\/\/api.w.org\/{rel}","templated":true}]}}